{"id":1780,"date":"2016-03-23T21:59:01","date_gmt":"2016-03-23T19:59:01","guid":{"rendered":"http:\/\/www.webspreso.com\/?p=1780"},"modified":"2020-09-17T18:33:25","modified_gmt":"2020-09-17T16:33:25","slug":"web-de-empresa-local-alquiler-trasteros","status":"publish","type":"post","link":"https:\/\/www.webspreso.com\/en\/desarrollo-web-marketing-internet\/diseno-web-low-cost\/web-de-empresa-local-alquiler-trasteros\/","title":{"rendered":"Web de alquiler de trasteros"},"content":{"rendered":"\t\t<div data-elementor-type=\"wp-post\" data-elementor-id=\"1780\" class=\"elementor elementor-1780\">\n\t\t\t\t\t\t<section class=\"elementor-section elementor-top-section elementor-element elementor-element-11a4476a elementor-section-boxed elementor-section-height-default elementor-section-height-default\" data-id=\"11a4476a\" data-element_type=\"section\">\n\t\t\t\t\t\t<div class=\"elementor-container elementor-column-gap-default\">\n\t\t\t\t\t<div class=\"elementor-column elementor-col-100 elementor-top-column elementor-element elementor-element-5f697b14\" data-id=\"5f697b14\" data-element_type=\"column\">\n\t\t\t<div class=\"elementor-widget-wrap elementor-element-populated\">\n\t\t\t\t\t\t<div class=\"elementor-element elementor-element-1823b9c5 elementor-widget elementor-widget-text-editor\" data-id=\"1823b9c5\" data-element_type=\"widget\" data-widget_type=\"text-editor.default\">\n\t\t\t\t<div class=\"elementor-widget-container\">\n\t\t\t\t\t\t\t\t\t<p><strong>Objetivos del proyecto:<\/strong><br \/><a href=\"http:\/\/www.eldesvanselfstorage.es\/\" target=\"_blank\" rel=\"noopener noreferrer\"><img decoding=\"async\" class=\"alignright\" src=\"\/\/www.webspreso.com\/wp-content\/uploads\/2016\/03\/eldesvan_l.jpg\" alt=\"Desarrollo web sobre wordpress\" width=\"150\" height=\"150\" \/><\/a><\/p><ul><li><b>Disponer de una web<\/b>\u00a0b\u00e1sica para promocionar el negocio de alquiler de trasteros.<\/li><li>La web ha de poder gestionarse de manera aut\u00f3noma.<\/li><\/ul><hr \/><p><strong>Trabajos realizados:<\/strong><\/p><ul class=\"trabajos\"><li><strong>Dise\u00f1o y desarrollo<\/strong> web sobre WordPress (adaptable seg\u00fan dispositivos).<\/li><li><b>Preparaci\u00f3n y dise\u00f1o\u00a0<\/b>de apartado para blog (m\u00e1s adelante se decide integrar facebook y dejar el blog para m\u00e1s adelante).<\/li><li>Selecci\u00f3n y edici\u00f3n de fotograf\u00edas.<\/li><li>Parametrizaci\u00f3n de formularios de contacto y seguimiento de env\u00edos en Analytics<\/li><\/ul>\t\t\t\t\t\t\t\t<\/div>\n\t\t\t\t<\/div>\n\t\t\t\t<div class=\"elementor-element elementor-element-21d62ff elementor-widget elementor-widget-image-gallery\" data-id=\"21d62ff\" data-element_type=\"widget\" data-widget_type=\"image-gallery.default\">\n\t\t\t\t<div class=\"elementor-widget-container\">\n\t\t\t\t\t\t\t<div class=\"elementor-image-gallery\">\n\t\t\t<div id='gallery-1' class='gallery galleryid-1780 gallery-columns-3 gallery-size-medium'><figure class='gallery-item'>\n\t\t\t<div class='gallery-icon portrait'>\n\t\t\t\t<a data-elementor-open-lightbox=\"yes\" data-elementor-lightbox-slideshow=\"21d62ff\" data-elementor-lightbox-title=\"Adaptable a dispositivos\" data-e-action-hash=\"#elementor-action%3Aaction%3Dlightbox%26settings%3DeyJpZCI6MTg2NSwidXJsIjoiaHR0cHM6XC9cL3d3dy53ZWJzcHJlc28uY29tXC93cC1jb250ZW50XC91cGxvYWRzXC8yMDE2XC8wM1wvd2ViX2Rlc3Zhbl8wNC5qcGciLCJzbGlkZXNob3ciOiIyMWQ2MmZmIn0%3D\" href='https:\/\/www.webspreso.com\/wp-content\/uploads\/2016\/03\/web_desvan_04.jpg'><img fetchpriority=\"high\" decoding=\"async\" width=\"250\" height=\"300\" src=\"https:\/\/www.webspreso.com\/wp-content\/uploads\/2016\/03\/web_desvan_04-250x300.jpg\" class=\"attachment-medium size-medium\" alt=\"\" srcset=\"https:\/\/www.webspreso.com\/wp-content\/uploads\/2016\/03\/web_desvan_04-250x300.jpg 250w, https:\/\/www.webspreso.com\/wp-content\/uploads\/2016\/03\/web_desvan_04.jpg 766w\" sizes=\"100vw\" \/><\/a>\n\t\t\t<\/div><\/figure><figure class='gallery-item'>\n\t\t\t<div class='gallery-icon portrait'>\n\t\t\t\t<a data-elementor-open-lightbox=\"yes\" data-elementor-lightbox-slideshow=\"21d62ff\" data-elementor-lightbox-title=\"Enfocada a captar contactos con m\u00ednima informaci\u00f3n\" data-e-action-hash=\"#elementor-action%3Aaction%3Dlightbox%26settings%3DeyJpZCI6MTg2MywidXJsIjoiaHR0cHM6XC9cL3d3dy53ZWJzcHJlc28uY29tXC93cC1jb250ZW50XC91cGxvYWRzXC8yMDE2XC8wM1wvd2ViX2Rlc3Zhbl8wMi5qcGciLCJzbGlkZXNob3ciOiIyMWQ2MmZmIn0%3D\" href='https:\/\/www.webspreso.com\/wp-content\/uploads\/2016\/03\/web_desvan_02.jpg'><img decoding=\"async\" width=\"259\" height=\"300\" src=\"https:\/\/www.webspreso.com\/wp-content\/uploads\/2016\/03\/web_desvan_02-259x300.jpg\" class=\"attachment-medium size-medium\" alt=\"\" srcset=\"https:\/\/www.webspreso.com\/wp-content\/uploads\/2016\/03\/web_desvan_02-259x300.jpg 259w, https:\/\/www.webspreso.com\/wp-content\/uploads\/2016\/03\/web_desvan_02-768x889.jpg 768w, https:\/\/www.webspreso.com\/wp-content\/uploads\/2016\/03\/web_desvan_02.jpg 832w\" sizes=\"100vw\" \/><\/a>\n\t\t\t<\/div><\/figure><figure class='gallery-item'>\n\t\t\t<div class='gallery-icon portrait'>\n\t\t\t\t<a data-elementor-open-lightbox=\"yes\" data-elementor-lightbox-slideshow=\"21d62ff\" data-elementor-lightbox-title=\"Integraci\u00f3n Facebook, que es donde publican\" data-e-action-hash=\"#elementor-action%3Aaction%3Dlightbox%26settings%3DeyJpZCI6MTg2MiwidXJsIjoiaHR0cHM6XC9cL3d3dy53ZWJzcHJlc28uY29tXC93cC1jb250ZW50XC91cGxvYWRzXC8yMDE2XC8wM1wvd2ViX2Rlc3Zhbl8wMS5qcGciLCJzbGlkZXNob3ciOiIyMWQ2MmZmIn0%3D\" href='https:\/\/www.webspreso.com\/wp-content\/uploads\/2016\/03\/web_desvan_01.jpg'><img loading=\"lazy\" decoding=\"async\" width=\"230\" height=\"300\" src=\"https:\/\/www.webspreso.com\/wp-content\/uploads\/2016\/03\/web_desvan_01-230x300.jpg\" class=\"attachment-medium size-medium\" alt=\"\" srcset=\"https:\/\/www.webspreso.com\/wp-content\/uploads\/2016\/03\/web_desvan_01-230x300.jpg 230w, https:\/\/www.webspreso.com\/wp-content\/uploads\/2016\/03\/web_desvan_01-768x1003.jpg 768w, https:\/\/www.webspreso.com\/wp-content\/uploads\/2016\/03\/web_desvan_01-784x1024.jpg 784w, https:\/\/www.webspreso.com\/wp-content\/uploads\/2016\/03\/web_desvan_01.jpg 798w\" sizes=\"100vw\" \/><\/a>\n\t\t\t<\/div><\/figure><figure class='gallery-item'>\n\t\t\t<div class='gallery-icon landscape'>\n\t\t\t\t<a data-elementor-open-lightbox=\"yes\" data-elementor-lightbox-slideshow=\"21d62ff\" data-elementor-lightbox-title=\"Desarrollo b\u00e1sico sobre wordpress\" data-e-action-hash=\"#elementor-action%3Aaction%3Dlightbox%26settings%3DeyJpZCI6MTg2NCwidXJsIjoiaHR0cHM6XC9cL3d3dy53ZWJzcHJlc28uY29tXC93cC1jb250ZW50XC91cGxvYWRzXC8yMDE2XC8wM1wvd2ViX2Rlc3Zhbl8wMy5qcGciLCJzbGlkZXNob3ciOiIyMWQ2MmZmIn0%3D\" href='https:\/\/www.webspreso.com\/wp-content\/uploads\/2016\/03\/web_desvan_03.jpg'><img loading=\"lazy\" decoding=\"async\" width=\"300\" height=\"206\" src=\"https:\/\/www.webspreso.com\/wp-content\/uploads\/2016\/03\/web_desvan_03-300x206.jpg\" class=\"attachment-medium size-medium\" alt=\"\" srcset=\"https:\/\/www.webspreso.com\/wp-content\/uploads\/2016\/03\/web_desvan_03-300x206.jpg 300w, https:\/\/www.webspreso.com\/wp-content\/uploads\/2016\/03\/web_desvan_03-768x526.jpg 768w, https:\/\/www.webspreso.com\/wp-content\/uploads\/2016\/03\/web_desvan_03.jpg 870w\" sizes=\"100vw\" \/><\/a>\n\t\t\t<\/div><\/figure><figure class='gallery-item'>\n\t\t\t<div class='gallery-icon landscape'>\n\t\t\t\t<a data-elementor-open-lightbox=\"yes\" data-elementor-lightbox-slideshow=\"21d62ff\" data-elementor-lightbox-title=\"Direcciones y contenido dirigido a posicionar en mercado local\" data-e-action-hash=\"#elementor-action%3Aaction%3Dlightbox%26settings%3DeyJpZCI6MTg2NiwidXJsIjoiaHR0cHM6XC9cL3d3dy53ZWJzcHJlc28uY29tXC93cC1jb250ZW50XC91cGxvYWRzXC8yMDE2XC8wM1wvd2ViX2Rlc3Zhbl8wNS5qcGciLCJzbGlkZXNob3ciOiIyMWQ2MmZmIn0%3D\" href='https:\/\/www.webspreso.com\/wp-content\/uploads\/2016\/03\/web_desvan_05.jpg'><img loading=\"lazy\" decoding=\"async\" width=\"300\" height=\"150\" src=\"https:\/\/www.webspreso.com\/wp-content\/uploads\/2016\/03\/web_desvan_05-300x150.jpg\" class=\"attachment-medium size-medium\" alt=\"\" srcset=\"https:\/\/www.webspreso.com\/wp-content\/uploads\/2016\/03\/web_desvan_05-300x150.jpg 300w, https:\/\/www.webspreso.com\/wp-content\/uploads\/2016\/03\/web_desvan_05-768x383.jpg 768w, https:\/\/www.webspreso.com\/wp-content\/uploads\/2016\/03\/web_desvan_05-1024x511.jpg 1024w, https:\/\/www.webspreso.com\/wp-content\/uploads\/2016\/03\/web_desvan_05.jpg 1157w\" sizes=\"100vw\" \/><\/a>\n\t\t\t<\/div><\/figure>\n\t\t<\/div>\n\t\t<\/div>\n\t\t\t\t\t\t<\/div>\n\t\t\t\t<\/div>\n\t\t\t\t\t<\/div>\n\t\t<\/div>\n\t\t\t\t\t<\/div>\n\t\t<\/section>\n\t\t\t\t<\/div>\n\t\t","protected":false},"excerpt":{"rendered":"<p>Web b\u00e1sica para empresa de alquiler de trasteros<\/p>\n","protected":false},"author":3,"featured_media":0,"comment_status":"closed","ping_status":"open","sticky":false,"template":"","format":"standard","meta":{"footnotes":""},"categories":[22,1,32],"tags":[27],"class_list":["post-1780","post","type-post","status-publish","format-standard","hentry","category-desarrollo-web-empresa","category-creacion-web","category-diseno-web-low-cost","tag-diseno-web"],"yoast_head":"<!-- This site is optimized with the Yoast SEO plugin v26.2 - https:\/\/yoast.com\/wordpress\/plugins\/seo\/ -->\n<title>Desarrollo y Dise\u00f1o Web: Web de alquiler de trasteros<\/title>\n<meta name=\"description\" content=\"Web b\u00e1sica para empresa de alquiler de trasteros\" \/>\n<meta name=\"robots\" content=\"index, follow, max-snippet:-1, max-image-preview:large, max-video-preview:-1\" \/>\n<link rel=\"canonical\" href=\"https:\/\/www.webspreso.com\/desarrollo-web-marketing-internet\/diseno-web-low-cost\/web-de-empresa-local-alquiler-trasteros\/\" \/>\n<meta name=\"twitter:card\" content=\"summary_large_image\" \/>\n<meta name=\"twitter:title\" content=\"Desarrollo y Dise\u00f1o Web: Web de alquiler de trasteros\" \/>\n<meta name=\"twitter:description\" content=\"Web b\u00e1sica para empresa de alquiler de trasteros\" \/>\n<meta name=\"twitter:image\" content=\"\/\/www.webspreso.com\/wp-content\/uploads\/2016\/03\/eldesvan_l.jpg\" \/>\n<meta name=\"twitter:creator\" content=\"@vidactio\" \/>\n<meta name=\"twitter:site\" content=\"@vidactio\" \/>\n<meta name=\"twitter:label1\" content=\"Written by\" \/>\n\t<meta name=\"twitter:data1\" content=\"webx3\" \/>\n<script type=\"application\/ld+json\" class=\"yoast-schema-graph\">{\"@context\":\"https:\/\/schema.org\",\"@graph\":[{\"@type\":\"Article\",\"@id\":\"https:\/\/www.webspreso.com\/desarrollo-web-marketing-internet\/diseno-web-low-cost\/web-de-empresa-local-alquiler-trasteros\/#article\",\"isPartOf\":{\"@id\":\"https:\/\/www.webspreso.com\/desarrollo-web-marketing-internet\/diseno-web-low-cost\/web-de-empresa-local-alquiler-trasteros\/\"},\"author\":{\"name\":\"webx3\",\"@id\":\"https:\/\/www.webspreso.com\/en\/#\/schema\/person\/d4c846f377492e0a5c5dc70a3d957a86\"},\"headline\":\"Web de alquiler de trasteros\",\"datePublished\":\"2016-03-23T19:59:01+00:00\",\"dateModified\":\"2020-09-17T16:33:25+00:00\",\"mainEntityOfPage\":{\"@id\":\"https:\/\/www.webspreso.com\/desarrollo-web-marketing-internet\/diseno-web-low-cost\/web-de-empresa-local-alquiler-trasteros\/\"},\"wordCount\":90,\"publisher\":{\"@id\":\"https:\/\/www.webspreso.com\/en\/#organization\"},\"image\":{\"@id\":\"https:\/\/www.webspreso.com\/desarrollo-web-marketing-internet\/diseno-web-low-cost\/web-de-empresa-local-alquiler-trasteros\/#primaryimage\"},\"thumbnailUrl\":\"https:\/\/www.webspreso.com\/wp-content\/uploads\/2016\/03\/web_desvan_04-250x300.jpg\",\"keywords\":[\"Dise\u00f1o Web\"],\"articleSection\":[\"Corporativas\",\"Creacion Web\",\"Low Cost\"],\"inLanguage\":\"en-US\"},{\"@type\":\"WebPage\",\"@id\":\"https:\/\/www.webspreso.com\/desarrollo-web-marketing-internet\/diseno-web-low-cost\/web-de-empresa-local-alquiler-trasteros\/\",\"url\":\"https:\/\/www.webspreso.com\/desarrollo-web-marketing-internet\/diseno-web-low-cost\/web-de-empresa-local-alquiler-trasteros\/\",\"name\":\"Desarrollo y Dise\u00f1o Web: Web de alquiler de trasteros\",\"isPartOf\":{\"@id\":\"https:\/\/www.webspreso.com\/en\/#website\"},\"primaryImageOfPage\":{\"@id\":\"https:\/\/www.webspreso.com\/desarrollo-web-marketing-internet\/diseno-web-low-cost\/web-de-empresa-local-alquiler-trasteros\/#primaryimage\"},\"image\":{\"@id\":\"https:\/\/www.webspreso.com\/desarrollo-web-marketing-internet\/diseno-web-low-cost\/web-de-empresa-local-alquiler-trasteros\/#primaryimage\"},\"thumbnailUrl\":\"https:\/\/www.webspreso.com\/wp-content\/uploads\/2016\/03\/web_desvan_04-250x300.jpg\",\"datePublished\":\"2016-03-23T19:59:01+00:00\",\"dateModified\":\"2020-09-17T16:33:25+00:00\",\"description\":\"Web b\u00e1sica para empresa de alquiler de trasteros\",\"breadcrumb\":{\"@id\":\"https:\/\/www.webspreso.com\/desarrollo-web-marketing-internet\/diseno-web-low-cost\/web-de-empresa-local-alquiler-trasteros\/#breadcrumb\"},\"inLanguage\":\"en-US\",\"potentialAction\":[{\"@type\":\"ReadAction\",\"target\":[\"https:\/\/www.webspreso.com\/desarrollo-web-marketing-internet\/diseno-web-low-cost\/web-de-empresa-local-alquiler-trasteros\/\"]}]},{\"@type\":\"ImageObject\",\"inLanguage\":\"en-US\",\"@id\":\"https:\/\/www.webspreso.com\/desarrollo-web-marketing-internet\/diseno-web-low-cost\/web-de-empresa-local-alquiler-trasteros\/#primaryimage\",\"url\":\"https:\/\/www.webspreso.com\/wp-content\/uploads\/2016\/03\/web_desvan_04-250x300.jpg\",\"contentUrl\":\"https:\/\/www.webspreso.com\/wp-content\/uploads\/2016\/03\/web_desvan_04-250x300.jpg\"},{\"@type\":\"BreadcrumbList\",\"@id\":\"https:\/\/www.webspreso.com\/desarrollo-web-marketing-internet\/diseno-web-low-cost\/web-de-empresa-local-alquiler-trasteros\/#breadcrumb\",\"itemListElement\":[{\"@type\":\"ListItem\",\"position\":1,\"name\":\"Portada\",\"item\":\"https:\/\/www.webspreso.com\/en\/web-design-and-development\/\"},{\"@type\":\"ListItem\",\"position\":2,\"name\":\"Web de alquiler de trasteros\"}]},{\"@type\":\"WebSite\",\"@id\":\"https:\/\/www.webspreso.com\/en\/#website\",\"url\":\"https:\/\/www.webspreso.com\/en\/\",\"name\":\"WebSpreso\",\"description\":\"Dise\u00f1o Web, Programaci\u00f3n y Marketing en Internet | Desde Bilbao para todo el mundo\",\"publisher\":{\"@id\":\"https:\/\/www.webspreso.com\/en\/#organization\"},\"potentialAction\":[{\"@type\":\"SearchAction\",\"target\":{\"@type\":\"EntryPoint\",\"urlTemplate\":\"https:\/\/www.webspreso.com\/en\/?s={search_term_string}\"},\"query-input\":{\"@type\":\"PropertyValueSpecification\",\"valueRequired\":true,\"valueName\":\"search_term_string\"}}],\"inLanguage\":\"en-US\"},{\"@type\":\"Organization\",\"@id\":\"https:\/\/www.webspreso.com\/en\/#organization\",\"name\":\"Web Audiovisual Interactiva, S.L.\",\"url\":\"https:\/\/www.webspreso.com\/en\/\",\"logo\":{\"@type\":\"ImageObject\",\"inLanguage\":\"en-US\",\"@id\":\"https:\/\/www.webspreso.com\/en\/#\/schema\/logo\/image\/\",\"url\":\"https:\/\/www.webspreso.com\/wp-content\/uploads\/2020\/06\/webspreso1.png\",\"contentUrl\":\"https:\/\/www.webspreso.com\/wp-content\/uploads\/2020\/06\/webspreso1.png\",\"width\":260,\"height\":62,\"caption\":\"Web Audiovisual Interactiva, S.L.\"},\"image\":{\"@id\":\"https:\/\/www.webspreso.com\/en\/#\/schema\/logo\/image\/\"},\"sameAs\":[\"https:\/\/x.com\/vidactio\"]},{\"@type\":\"Person\",\"@id\":\"https:\/\/www.webspreso.com\/en\/#\/schema\/person\/d4c846f377492e0a5c5dc70a3d957a86\",\"name\":\"webx3\",\"image\":{\"@type\":\"ImageObject\",\"inLanguage\":\"en-US\",\"@id\":\"https:\/\/www.webspreso.com\/en\/#\/schema\/person\/image\/\",\"url\":\"https:\/\/secure.gravatar.com\/avatar\/34df18ca617c792e49024486751f48181b9da550c16c9285d8a36b4ee27e7d4d?s=96&d=mm&r=g\",\"contentUrl\":\"https:\/\/secure.gravatar.com\/avatar\/34df18ca617c792e49024486751f48181b9da550c16c9285d8a36b4ee27e7d4d?s=96&d=mm&r=g\",\"caption\":\"webx3\"}}]}<\/script>\n<!-- \/ Yoast SEO plugin. -->","yoast_head_json":{"title":"Desarrollo y Dise\u00f1o Web: Web de alquiler de trasteros","description":"Web b\u00e1sica para empresa de alquiler de trasteros","robots":{"index":"index","follow":"follow","max-snippet":"max-snippet:-1","max-image-preview":"max-image-preview:large","max-video-preview":"max-video-preview:-1"},"canonical":"https:\/\/www.webspreso.com\/desarrollo-web-marketing-internet\/diseno-web-low-cost\/web-de-empresa-local-alquiler-trasteros\/","twitter_card":"summary_large_image","twitter_title":"Desarrollo y Dise\u00f1o Web: Web de alquiler de trasteros","twitter_description":"Web b\u00e1sica para empresa de alquiler de trasteros","twitter_image":"\/\/www.webspreso.com\/wp-content\/uploads\/2016\/03\/eldesvan_l.jpg","twitter_creator":"@vidactio","twitter_site":"@vidactio","twitter_misc":{"Written by":"webx3"},"schema":{"@context":"https:\/\/schema.org","@graph":[{"@type":"Article","@id":"https:\/\/www.webspreso.com\/desarrollo-web-marketing-internet\/diseno-web-low-cost\/web-de-empresa-local-alquiler-trasteros\/#article","isPartOf":{"@id":"https:\/\/www.webspreso.com\/desarrollo-web-marketing-internet\/diseno-web-low-cost\/web-de-empresa-local-alquiler-trasteros\/"},"author":{"name":"webx3","@id":"https:\/\/www.webspreso.com\/en\/#\/schema\/person\/d4c846f377492e0a5c5dc70a3d957a86"},"headline":"Web de alquiler de trasteros","datePublished":"2016-03-23T19:59:01+00:00","dateModified":"2020-09-17T16:33:25+00:00","mainEntityOfPage":{"@id":"https:\/\/www.webspreso.com\/desarrollo-web-marketing-internet\/diseno-web-low-cost\/web-de-empresa-local-alquiler-trasteros\/"},"wordCount":90,"publisher":{"@id":"https:\/\/www.webspreso.com\/en\/#organization"},"image":{"@id":"https:\/\/www.webspreso.com\/desarrollo-web-marketing-internet\/diseno-web-low-cost\/web-de-empresa-local-alquiler-trasteros\/#primaryimage"},"thumbnailUrl":"https:\/\/www.webspreso.com\/wp-content\/uploads\/2016\/03\/web_desvan_04-250x300.jpg","keywords":["Dise\u00f1o Web"],"articleSection":["Corporativas","Creacion Web","Low Cost"],"inLanguage":"en-US"},{"@type":"WebPage","@id":"https:\/\/www.webspreso.com\/desarrollo-web-marketing-internet\/diseno-web-low-cost\/web-de-empresa-local-alquiler-trasteros\/","url":"https:\/\/www.webspreso.com\/desarrollo-web-marketing-internet\/diseno-web-low-cost\/web-de-empresa-local-alquiler-trasteros\/","name":"Desarrollo y Dise\u00f1o Web: Web de alquiler de trasteros","isPartOf":{"@id":"https:\/\/www.webspreso.com\/en\/#website"},"primaryImageOfPage":{"@id":"https:\/\/www.webspreso.com\/desarrollo-web-marketing-internet\/diseno-web-low-cost\/web-de-empresa-local-alquiler-trasteros\/#primaryimage"},"image":{"@id":"https:\/\/www.webspreso.com\/desarrollo-web-marketing-internet\/diseno-web-low-cost\/web-de-empresa-local-alquiler-trasteros\/#primaryimage"},"thumbnailUrl":"https:\/\/www.webspreso.com\/wp-content\/uploads\/2016\/03\/web_desvan_04-250x300.jpg","datePublished":"2016-03-23T19:59:01+00:00","dateModified":"2020-09-17T16:33:25+00:00","description":"Web b\u00e1sica para empresa de alquiler de trasteros","breadcrumb":{"@id":"https:\/\/www.webspreso.com\/desarrollo-web-marketing-internet\/diseno-web-low-cost\/web-de-empresa-local-alquiler-trasteros\/#breadcrumb"},"inLanguage":"en-US","potentialAction":[{"@type":"ReadAction","target":["https:\/\/www.webspreso.com\/desarrollo-web-marketing-internet\/diseno-web-low-cost\/web-de-empresa-local-alquiler-trasteros\/"]}]},{"@type":"ImageObject","inLanguage":"en-US","@id":"https:\/\/www.webspreso.com\/desarrollo-web-marketing-internet\/diseno-web-low-cost\/web-de-empresa-local-alquiler-trasteros\/#primaryimage","url":"https:\/\/www.webspreso.com\/wp-content\/uploads\/2016\/03\/web_desvan_04-250x300.jpg","contentUrl":"https:\/\/www.webspreso.com\/wp-content\/uploads\/2016\/03\/web_desvan_04-250x300.jpg"},{"@type":"BreadcrumbList","@id":"https:\/\/www.webspreso.com\/desarrollo-web-marketing-internet\/diseno-web-low-cost\/web-de-empresa-local-alquiler-trasteros\/#breadcrumb","itemListElement":[{"@type":"ListItem","position":1,"name":"Portada","item":"https:\/\/www.webspreso.com\/en\/web-design-and-development\/"},{"@type":"ListItem","position":2,"name":"Web de alquiler de trasteros"}]},{"@type":"WebSite","@id":"https:\/\/www.webspreso.com\/en\/#website","url":"https:\/\/www.webspreso.com\/en\/","name":"WebSpreso","description":"Dise\u00f1o Web, Programaci\u00f3n y Marketing en Internet | Desde Bilbao para todo el mundo","publisher":{"@id":"https:\/\/www.webspreso.com\/en\/#organization"},"potentialAction":[{"@type":"SearchAction","target":{"@type":"EntryPoint","urlTemplate":"https:\/\/www.webspreso.com\/en\/?s={search_term_string}"},"query-input":{"@type":"PropertyValueSpecification","valueRequired":true,"valueName":"search_term_string"}}],"inLanguage":"en-US"},{"@type":"Organization","@id":"https:\/\/www.webspreso.com\/en\/#organization","name":"Web Audiovisual Interactiva, S.L.","url":"https:\/\/www.webspreso.com\/en\/","logo":{"@type":"ImageObject","inLanguage":"en-US","@id":"https:\/\/www.webspreso.com\/en\/#\/schema\/logo\/image\/","url":"https:\/\/www.webspreso.com\/wp-content\/uploads\/2020\/06\/webspreso1.png","contentUrl":"https:\/\/www.webspreso.com\/wp-content\/uploads\/2020\/06\/webspreso1.png","width":260,"height":62,"caption":"Web Audiovisual Interactiva, S.L."},"image":{"@id":"https:\/\/www.webspreso.com\/en\/#\/schema\/logo\/image\/"},"sameAs":["https:\/\/x.com\/vidactio"]},{"@type":"Person","@id":"https:\/\/www.webspreso.com\/en\/#\/schema\/person\/d4c846f377492e0a5c5dc70a3d957a86","name":"webx3","image":{"@type":"ImageObject","inLanguage":"en-US","@id":"https:\/\/www.webspreso.com\/en\/#\/schema\/person\/image\/","url":"https:\/\/secure.gravatar.com\/avatar\/34df18ca617c792e49024486751f48181b9da550c16c9285d8a36b4ee27e7d4d?s=96&d=mm&r=g","contentUrl":"https:\/\/secure.gravatar.com\/avatar\/34df18ca617c792e49024486751f48181b9da550c16c9285d8a36b4ee27e7d4d?s=96&d=mm&r=g","caption":"webx3"}}]}},"_links":{"self":[{"href":"https:\/\/www.webspreso.com\/en\/wp-json\/wp\/v2\/posts\/1780","targetHints":{"allow":["GET"]}}],"collection":[{"href":"https:\/\/www.webspreso.com\/en\/wp-json\/wp\/v2\/posts"}],"about":[{"href":"https:\/\/www.webspreso.com\/en\/wp-json\/wp\/v2\/types\/post"}],"author":[{"embeddable":true,"href":"https:\/\/www.webspreso.com\/en\/wp-json\/wp\/v2\/users\/3"}],"replies":[{"embeddable":true,"href":"https:\/\/www.webspreso.com\/en\/wp-json\/wp\/v2\/comments?post=1780"}],"version-history":[{"count":0,"href":"https:\/\/www.webspreso.com\/en\/wp-json\/wp\/v2\/posts\/1780\/revisions"}],"wp:attachment":[{"href":"https:\/\/www.webspreso.com\/en\/wp-json\/wp\/v2\/media?parent=1780"}],"wp:term":[{"taxonomy":"category","embeddable":true,"href":"https:\/\/www.webspreso.com\/en\/wp-json\/wp\/v2\/categories?post=1780"},{"taxonomy":"post_tag","embeddable":true,"href":"https:\/\/www.webspreso.com\/en\/wp-json\/wp\/v2\/tags?post=1780"}],"curies":[{"name":"wp","href":"https:\/\/api.w.org\/{rel}","templated":true}]}}